{"id":286,"date":"2026-04-23T01:33:51","date_gmt":"2026-04-23T01:33:51","guid":{"rendered":"https:\/\/yocuido.cl\/?p=286"},"modified":"2026-04-23T01:37:51","modified_gmt":"2026-04-23T01:37:51","slug":"aprobacion-sistema-nacional-de-cuidados-tu-voz-local-quintavision","status":"publish","type":"post","link":"https:\/\/yocuido.cl\/index.php\/2026\/04\/23\/aprobacion-sistema-nacional-de-cuidados-tu-voz-local-quintavision\/","title":{"rendered":"Aprobaci\u00f3n Sistema Nacional de Cuidados. | Tu voz local | Quintavisi\u00f3n"},"content":{"rendered":"\t\t<div data-elementor-type=\"wp-post\" data-elementor-id=\"286\" class=\"elementor elementor-286\">\n\t\t\t\t<div class=\"elementor-element elementor-element-1899461 e-flex e-con-boxed e-con e-parent\" data-id=\"1899461\" data-element_type=\"container\">\n\t\t\t\t\t<div class=\"e-con-inner\">\n\t\t\t\t<div class=\"elementor-element elementor-element-9a9c164 elementor-widget elementor-widget-text-editor\" data-id=\"9a9c164\" data-element_type=\"widget\" data-widget_type=\"text-editor.default\">\n\t\t\t\t<div class=\"elementor-widget-container\">\n\t\t\t\t\t\t\t\t\t<p>En este cap\u00edtulo de Tu voz local, Carlos Jara conversa con Victoria Orellana de Asociaci\u00f3n YO CUIDO, Isabel Caro de GAFA y Carolina Lizama de Fundaci\u00f3n MUDECU sobre la aprobaci\u00f3n del Sistema Nacional de Cuidados.<\/p>\t\t\t\t\t\t\t\t<\/div>\n\t\t\t\t<\/div>\n\t\t\t\t\t<\/div>\n\t\t\t\t<\/div>\n\t\t<div class=\"elementor-element elementor-element-538640d e-flex e-con-boxed e-con e-parent\" data-id=\"538640d\" data-element_type=\"container\">\n\t\t\t\t\t<div class=\"e-con-inner\">\n\t\t\t\t<div class=\"elementor-element elementor-element-4c8e393 elementor-widget elementor-widget-video\" data-id=\"4c8e393\" data-element_type=\"widget\" data-settings=\"{&quot;youtube_url&quot;:&quot;https:\\\/\\\/www.youtube.com\\\/watch?v=Fhj_GG6FnZ4&quot;,&quot;video_type&quot;:&quot;youtube&quot;,&quot;controls&quot;:&quot;yes&quot;}\" data-widget_type=\"video.default\">\n\t\t\t\t<div class=\"elementor-widget-container\">\n\t\t\t\t\t\t\t<div class=\"elementor-wrapper elementor-open-inline\">\n\t\t\t<div class=\"elementor-video\"><\/div>\t\t<\/div>\n\t\t\t\t\t\t<\/div>\n\t\t\t\t<\/div>\n\t\t\t\t\t<\/div>\n\t\t\t\t<\/div>\n\t\t\t\t<\/div>\n\t\t","protected":false},"excerpt":{"rendered":"<p>En este cap\u00edtulo de Tu voz local, Carlos Jara conversa con Victoria Orellana de Asociaci\u00f3n YO CUIDO, Isabel Caro de GAFA y Carolina Lizama de Fundaci\u00f3n MUDECU sobre la aprobaci\u00f3n &#8230;<\/p>\n","protected":false},"author":1,"featured_media":290,"comment_status":"closed","ping_status":"open","sticky":false,"template":"","format":"standard","meta":{"footnotes":""},"categories":[9],"tags":[],"class_list":["post-286","post","type-post","status-publish","format-standard","has-post-thumbnail","hentry","category-medios"],"_links":{"self":[{"href":"https:\/\/yocuido.cl\/index.php\/wp-json\/wp\/v2\/posts\/286","targetHints":{"allow":["GET"]}}],"collection":[{"href":"https:\/\/yocuido.cl\/index.php\/wp-json\/wp\/v2\/posts"}],"about":[{"href":"https:\/\/yocuido.cl\/index.php\/wp-json\/wp\/v2\/types\/post"}],"author":[{"embeddable":true,"href":"https:\/\/yocuido.cl\/index.php\/wp-json\/wp\/v2\/users\/1"}],"replies":[{"embeddable":true,"href":"https:\/\/yocuido.cl\/index.php\/wp-json\/wp\/v2\/comments?post=286"}],"version-history":[{"count":4,"href":"https:\/\/yocuido.cl\/index.php\/wp-json\/wp\/v2\/posts\/286\/revisions"}],"predecessor-version":[{"id":291,"href":"https:\/\/yocuido.cl\/index.php\/wp-json\/wp\/v2\/posts\/286\/revisions\/291"}],"wp:featuredmedia":[{"embeddable":true,"href":"https:\/\/yocuido.cl\/index.php\/wp-json\/wp\/v2\/media\/290"}],"wp:attachment":[{"href":"https:\/\/yocuido.cl\/index.php\/wp-json\/wp\/v2\/media?parent=286"}],"wp:term":[{"taxonomy":"category","embeddable":true,"href":"https:\/\/yocuido.cl\/index.php\/wp-json\/wp\/v2\/categories?post=286"},{"taxonomy":"post_tag","embeddable":true,"href":"https:\/\/yocuido.cl\/index.php\/wp-json\/wp\/v2\/tags?post=286"}],"curies":[{"name":"wp","href":"https:\/\/api.w.org\/{rel}","templated":true}]}}